{"id":2268,"date":"2021-08-06T16:56:33","date_gmt":"2021-08-06T13:56:33","guid":{"rendered":"https:\/\/turkarkeolojienstitusu.org\/uncategorized\/turkiye-arkeolojisinde-ilk\/"},"modified":"2021-08-06T16:56:33","modified_gmt":"2021-08-06T13:56:33","slug":"turkiye-arkeolojisinde-ilk","status":"publish","type":"post","link":"https:\/\/turkarkeolojienstitusu.org\/en\/basinda-biz-en\/turkiye-arkeolojisinde-ilk\/","title":{"rendered":"T\u00fcrkiye Arkeolojisinde \u0130lk"},"content":{"rendered":"<p>Kurulal\u0131 birka\u00e7 ay olan T\u00fcrk Arkeoloji ve K\u00fclt\u00fcrel Miras Enstit\u00fcs\u00fc \u00fclkemiz ad\u0131na bir ilk.<br \/>\n1898 y\u0131l\u0131ndan bu yana Anadolu\u2019da sadece yabanc\u0131 misyonlara ait<br \/>\nsekiz arkeoloji enstit\u00fcs\u00fc faaliyet g\u00f6steriyordu. Yerli enstit\u00fcye, hen\u00fcz restore edilen Gaziantep\u2019teki Kendirli Kilisesi ve Latin Okulu ev sahipli\u011fi yapacak. 123 ya\u015f\u0131ndaki kilisede iki y\u0131ld\u0131r s\u00fcren restorasyonla iki beton tabla ve sekiz kat har\u00e7 s\u00f6k\u00fclerek orijinal freskler a\u00e7\u0131\u011fa \u00e7\u0131kar\u0131ld\u0131. 1920-21 y\u0131llar\u0131nda 10 ay s\u00fcren<span class=\"Apple-converted-space\">\u00a0<\/span><\/p>\n<p>Antep Ku\u015fatmas\u0131 s\u0131ras\u0131nda \u201csiper\u201d olarak kullan\u0131lan kilise, 1933\u2019te<br \/>\nde Atat\u00fcrk\u2019\u00fc a\u011f\u0131rlam\u0131\u015ft\u0131. K\u00fclt\u00fcr<br \/>\nve Turizm Bakanl\u0131\u011f\u0131, Gaziantep B\u00fcy\u00fck\u015fehir Belediyesi ve Avrupa Birli\u011fi\u2019nin ortakla\u015fa hayata ge\u00e7irdi\u011fi enstit\u00fcde T\u00fcrkiye ve Avrupa\u2019dan 430 k\u00fclt\u00fcr, sanat ve bilim insan\u0131 yer al\u0131yor. Enstit\u00fcn\u00fcn \u00f6nemli bir katk\u0131s\u0131, kaz\u0131lardan elde edilen bulgular\u0131n yurti\u00e7inde analiz edilmesini sa\u011flamak \u00fczere tasarlanan ve kilise bah\u00e7esine kurulan Arkeometri Laboratuvar\u0131 olacak.<span class=\"Apple-converted-space\">\u00a0<\/span><\/p>\n<p>123 ya\u015f\u0131ndaki Kendirli Kilisesi\u2019nde iki y\u0131ld\u0131r s\u00fcren restorasyonla orijinal freskler a\u00e7\u0131\u011fa \u00e7\u0131kar\u0131ld\u0131.<span class=\"Apple-converted-space\">\u00a0<\/span><\/p>\n<p>&nbsp;<\/p>\n","protected":false},"excerpt":{"rendered":"<p>Kurulal\u0131 birka\u00e7 ay olan T\u00fcrk Arkeoloji ve K\u00fclt\u00fcrel Miras Enstit\u00fcs\u00fc [&hellip;]<\/p>\n","protected":false},"author":2,"featured_media":2269,"comment_status":"open","ping_status":"closed","sticky":false,"template":"","format":"standard","meta":{"inline_featured_image":false},"categories":[51],"tags":[],"_links":{"self":[{"href":"https:\/\/turkarkeolojienstitusu.org\/en\/wp-json\/wp\/v2\/posts\/2268"}],"collection":[{"href":"https:\/\/turkarkeolojienstitusu.org\/en\/wp-json\/wp\/v2\/posts"}],"about":[{"href":"https:\/\/turkarkeolojienstitusu.org\/en\/wp-json\/wp\/v2\/types\/post"}],"author":[{"embeddable":true,"href":"https:\/\/turkarkeolojienstitusu.org\/en\/wp-json\/wp\/v2\/users\/2"}],"replies":[{"embeddable":true,"href":"https:\/\/turkarkeolojienstitusu.org\/en\/wp-json\/wp\/v2\/comments?post=2268"}],"version-history":[{"count":0,"href":"https:\/\/turkarkeolojienstitusu.org\/en\/wp-json\/wp\/v2\/posts\/2268\/revisions"}],"wp:featuredmedia":[{"embeddable":true,"href":"https:\/\/turkarkeolojienstitusu.org\/en\/wp-json\/wp\/v2\/media\/2269"}],"wp:attachment":[{"href":"https:\/\/turkarkeolojienstitusu.org\/en\/wp-json\/wp\/v2\/media?parent=2268"}],"wp:term":[{"taxonomy":"category","embeddable":true,"href":"https:\/\/turkarkeolojienstitusu.org\/en\/wp-json\/wp\/v2\/categories?post=2268"},{"taxonomy":"post_tag","embeddable":true,"href":"https:\/\/turkarkeolojienstitusu.org\/en\/wp-json\/wp\/v2\/tags?post=2268"}],"curies":[{"name":"wp","href":"https:\/\/api.w.org\/{rel}","templated":true}]}}